{"id":66,"date":"2016-09-20T10:16:00","date_gmt":"2016-09-20T10:16:00","guid":{"rendered":"https:\/\/www.susannakoistinen.fi\/?p=66"},"modified":"2024-10-19T10:16:56","modified_gmt":"2024-10-19T10:16:56","slug":"jyvaskylan-koulutusleikkauksissa-raja-vastassa","status":"publish","type":"post","link":"https:\/\/www.susannakoistinen.fi\/?p=66","title":{"rendered":"Jyv\u00e4skyl\u00e4n koulutusleikkauksissa raja\u00a0vastassa"},"content":{"rendered":"\n<p><em>Julkaistu Keskisuomalaisessa 20.9.2016<\/em><\/p>\n\n\n\n<p>Jyv\u00e4skyl\u00e4 kaivaa itselleen kuoppaa. Sivistyspuoleen kohdistetut leikkauspaineet ja p\u00e4\u00e4t\u00f6s olla rahoittamatta toista astetta muilla kuin valtionosuuksilla johtavat koulutuksen saavutettavuuden ja laadun kannalta t\u00e4ysin siet\u00e4m\u00e4tt\u00f6m\u00e4\u00e4n tilanteeseen.<\/p>\n\n\n\n<p>Kaikki tiet\u00e4v\u00e4t, ett\u00e4 taloustilanne on huono ja jatkunee sellaisena viel\u00e4 pitk\u00e4\u00e4n. Mik\u00e4\u00e4n perustelu ei kuitenkaan ole tarpeeksi painava, ett\u00e4 ehdotettua 2,9 miljoonan euron leikkausta sivistyspalveluihin ja nelj\u00e4n miljoonan lis\u00e4leikkausta toiselle asteelle voidaan pit\u00e4\u00e4 oikeutettuna tai edes j\u00e4rjellisen\u00e4.<\/p>\n\n\n\n<p>Juuri ilmestynyt uusin&nbsp;<a href=\"https:\/\/href.li\/?http:\/\/yle.fi\/uutiset\/3-9169450\">OECD:n maavertailu&nbsp;<\/a>paljastaa karulla tavalla, ett\u00e4 jopa viidennes 20-24-vuotiaista miehist\u00e4 on ty\u00f6el\u00e4m\u00e4n ja opiskelujen ulkopuolella. Meill\u00e4 ei ole varaa, ei rahallisesti eik\u00e4 inhimillisesti, v\u00e4hent\u00e4\u00e4 juuri hyv\u00e4\u00e4 varhaiskasvatusta, laadukasta peruskoulutusta ja alueellisesti tavoittavaa toisen asteen koulutusta.<\/p>\n\n\n\n<p>Kirjoitin t\u00e4st\u00e4 jo kaksi vuotta sitten koulutuskuntayhtym\u00e4n lukioliikelaitoksen johtokunnassa silloin toimiessani, ja olen hyvin pettynyt, ettei valoa viel\u00e4k\u00e4\u00e4n n\u00e4y.<\/p>\n\n\n\n<p>Erityisen tyrmistytt\u00e4v\u00e4\u00e4 on ammatillisen koulutuksen alasajo. Perustellut pedagogiset muutokset esimerkiksi ty\u00f6ss\u00e4oppimisen suuntaan muuttuvat rahoituspaineissa heitteillej\u00e4t\u00f6ksi, kun 16-vuotiaan ihmisen kouluviikosta suurin osa on \u201ditsen\u00e4ist\u00e4 ty\u00f6skentely\u00e4\u201d tai tuskastumista harjoittelupaikassa, jossa kell\u00e4\u00e4n ei ole aikaa tai halua tehd\u00e4 v\u00e4lill\u00e4 vaativaakin ohjausta.<\/p>\n\n\n\n<p>Jyv\u00e4skyl\u00e4n kaupunki ei voi menn\u00e4 omien kehysp\u00e4\u00e4t\u00f6stens\u00e4 taakse koulutusleikkausten keskell\u00e4. Koulutus on niin merkitt\u00e4v\u00e4 osa ihmisten el\u00e4m\u00e4\u00e4 elinajanodotetta my\u00f6ten, ett\u00e4 raja on ehdottomasti nyt tullut vastaan.<\/p>\n","protected":false},"excerpt":{"rendered":"<p>Julkaistu Keskisuomalaisessa 20.9.2016 Jyv\u00e4skyl\u00e4 kaivaa itselleen kuoppaa. Sivistyspuoleen kohdistetut leikkauspaineet ja p\u00e4\u00e4t\u00f6s olla rahoittamatta toista astetta muilla kuin valtionosuuksilla johtavat koulutuksen saavutettavuuden ja laadun kannalta t\u00e4ysin siet\u00e4m\u00e4tt\u00f6m\u00e4\u00e4n tilanteeseen. Kaikki tiet\u00e4v\u00e4t, ett\u00e4 taloustilanne on huono ja jatkunee sellaisena viel\u00e4 pitk\u00e4\u00e4n. Mik\u00e4\u00e4n perustelu ei kuitenkaan ole tarpeeksi painava, ett\u00e4 ehdotettua 2,9 miljoonan euron leikkausta sivistyspalveluihin ja nelj\u00e4n [&hellip;]<\/p>\n","protected":false},"author":1,"featured_media":0,"comment_status":"closed","ping_status":"open","sticky":false,"template":"","format":"standard","meta":{"footnotes":""},"categories":[1],"tags":[6],"class_list":["post-66","post","type-post","status-publish","format-standard","hentry","category-uncategorized","tag-koulutus"],"_links":{"self":[{"href":"https:\/\/www.susannakoistinen.fi\/index.php?rest_route=\/wp\/v2\/posts\/66","targetHints":{"allow":["GET"]}}],"collection":[{"href":"https:\/\/www.susannakoistinen.fi\/index.php?rest_route=\/wp\/v2\/posts"}],"about":[{"href":"https:\/\/www.susannakoistinen.fi\/index.php?rest_route=\/wp\/v2\/types\/post"}],"author":[{"embeddable":true,"href":"https:\/\/www.susannakoistinen.fi\/index.php?rest_route=\/wp\/v2\/users\/1"}],"replies":[{"embeddable":true,"href":"https:\/\/www.susannakoistinen.fi\/index.php?rest_route=%2Fwp%2Fv2%2Fcomments&post=66"}],"version-history":[{"count":1,"href":"https:\/\/www.susannakoistinen.fi\/index.php?rest_route=\/wp\/v2\/posts\/66\/revisions"}],"predecessor-version":[{"id":67,"href":"https:\/\/www.susannakoistinen.fi\/index.php?rest_route=\/wp\/v2\/posts\/66\/revisions\/67"}],"wp:attachment":[{"href":"https:\/\/www.susannakoistinen.fi\/index.php?rest_route=%2Fwp%2Fv2%2Fmedia&parent=66"}],"wp:term":[{"taxonomy":"category","embeddable":true,"href":"https:\/\/www.susannakoistinen.fi\/index.php?rest_route=%2Fwp%2Fv2%2Fcategories&post=66"},{"taxonomy":"post_tag","embeddable":true,"href":"https:\/\/www.susannakoistinen.fi\/index.php?rest_route=%2Fwp%2Fv2%2Ftags&post=66"}],"curies":[{"name":"wp","href":"https:\/\/api.w.org\/{rel}","templated":true}]}}