{"id":64,"date":"2015-04-06T10:12:00","date_gmt":"2015-04-06T10:12:00","guid":{"rendered":"https:\/\/www.susannakoistinen.fi\/?p=64"},"modified":"2024-10-19T10:15:13","modified_gmt":"2024-10-19T10:15:13","slug":"nuorten-tulee-pitaa-puolensa-eturyhmapolitiikassa","status":"publish","type":"post","link":"https:\/\/www.susannakoistinen.fi\/?p=64","title":{"rendered":"Nuorten tulee pit\u00e4\u00e4 puolensa eturyhm\u00e4politiikassa"},"content":{"rendered":"\n<p><em>Teksti on alunperin julkaistu vanhoilla nettisivuillani 2015.<\/em><\/p>\n\n\n\n<p>Yhteisist\u00e4 asioista p\u00e4\u00e4tet\u00e4\u00e4n hyvin usein eri eturyhmien n\u00e4k\u00f6kulmasta. Haja-asutusalueiden asujat vastaan kaupungit, ty\u00f6ss\u00e4k\u00e4yvien verotus vastaan muiden etuudet, raskas teollisuus vastaan ymp\u00e4rist\u00f6nsuojelu\u2026 Hyvin usein eri ryhmien tavoitteiden v\u00e4lille l\u00f6ydet\u00e4\u00e4n hyv\u00e4 tasapaino tai ne jopa saadaan tukemaan toisiaan, kuten esimerkiksi kun rakennetaan uutta teollisuutta ymp\u00e4rist\u00f6yst\u00e4v\u00e4llisen teknologian ymp\u00e4rille. P\u00e4\u00e4t\u00f6ksenteossa aina taiteillaan yleisen edun ja eturyhmien vahvojenkin vaatimusten v\u00e4lill\u00e4.<\/p>\n\n\n\n<p>Sukupolvien v\u00e4lisest\u00e4 solidaarisuudesta kuitenkin puhutaan v\u00e4h\u00e4n. Nuoret eiv\u00e4t tietenk\u00e4\u00e4n ole yhten\u00e4inen ryhm\u00e4, sill\u00e4 heiss\u00e4 on sek\u00e4 opiskelijoita, ty\u00f6ss\u00e4k\u00e4yvi\u00e4, ty\u00f6kyvytt\u00f6mi\u00e4, perheellisi\u00e4 ja moniin muihin ryhmiin laskettavia. Siksi nuoret eiv\u00e4t my\u00f6sk\u00e4\u00e4n usein pid\u00e4 puoliaan politiikassa, pelkk\u00e4 nuoruus ei yhdist\u00e4 tarpeeksi. Suuret ik\u00e4luokat tekev\u00e4t t\u00e4ll\u00e4 hetkell\u00e4 p\u00e4\u00e4t\u00f6kset, jotka vaikuttavat pitk\u00e4lle tulevaisuuteen ja meid\u00e4n sukupolvemme hyvinvointiin.<\/p>\n\n\n\n<p>Meid\u00e4n sukupolvemme kantaa vastuun siit\u00e4, onnistuuko sosiaali- ja terveyspalveluiden uudistaminen niin, ett\u00e4 niit\u00e4 on varaa rahoittaa tulevaisuudessakin. Meid\u00e4n sukupolvemme maksaa pienemp\u00e4n\u00e4 ik\u00e4luokkana kovia el\u00e4kemaksuja, mik\u00e4li suuret ik\u00e4luokat eiv\u00e4t tee niiden suhteen solidaarisia p\u00e4\u00e4t\u00f6ksi\u00e4. Meid\u00e4n sukupolvemme tuskailee p\u00e4tk\u00e4t\u00f6iden, toimeentulon satunnaisuuden ja automaation sek\u00e4 globalisaation viemien ty\u00f6paikkojen kanssa, mik\u00e4li tehd\u00e4\u00e4n politiikkaa vain menneen maailman n\u00e4enn\u00e4isest\u00e4 yksinkertaisuudesta katsoen. Meid\u00e4n sukupolvemme joutuu pahimmillaan miettim\u00e4\u00e4n miten maksamme lastemme lukukausimaksut samalla, kun mietimme miten saamme vanhemmillemme hyv\u00e4\u00e4 hoitoa. Meid\u00e4n sukupolvemme joutuu muuttamaan kulutustaan ja totuttua el\u00e4m\u00e4ntyyli\u00e4\u00e4n rajusti, mik\u00e4li toimia ilmastonmuutoksen pys\u00e4ytt\u00e4miseksi ei tehd\u00e4 suunnitelmallisesti pitk\u00e4ll\u00e4 aikav\u00e4lill\u00e4.<\/p>\n\n\n\n<p>Kukaan ei tee tahallaan p\u00e4\u00e4t\u00f6ksi\u00e4, joiden lopputulos on huono. On silti liian usein helppoa puolustaa nykytilaa tai toivoa, ettei muutoksia tarvitse tehd\u00e4. Hyvin usein ne my\u00f6s vesittyv\u00e4t kompromisseiksi, jotka eiv\u00e4t lopulta vie alkuper\u00e4iseen tavoitteeseen. Meill\u00e4 on kuitenkin velvollisuus omaa tulevaisuuttamme kohtaan olla tiukkoja, kun p\u00e4\u00e4tet\u00e4\u00e4n asioista, jotka tulevat kuitenkin eteemme. Kysymyksiin voidaan l\u00f6yt\u00e4\u00e4 hyvi\u00e4 ratkaisuja, mutta silloin my\u00f6s nuorella sukupolvella on oltava yht\u00e4 vahvaa lobbausta kuin muillakin eturyhmill\u00e4. Hyvinvointivaltion tulevaisuus, p\u00e4\u00e4oman kasaantuminen ja ilmastonmuutos ovat niit\u00e4 kysymyksi\u00e4, joista juuri nuorten on syyt\u00e4 olla kiinnostuneita. Onneksi ainakin n\u00e4in vaalien alla l\u00f6ytyy kaikista puolueista nuoria poliitikkoja, jotka ovat yht\u00e4 huolissaan meid\u00e4n sukupolvellemme kriittisist\u00e4 kysymyksist\u00e4<strong>.<\/strong><\/p>\n","protected":false},"excerpt":{"rendered":"<p>Teksti on alunperin julkaistu vanhoilla nettisivuillani 2015. Yhteisist\u00e4 asioista p\u00e4\u00e4tet\u00e4\u00e4n hyvin usein eri eturyhmien n\u00e4k\u00f6kulmasta. Haja-asutusalueiden asujat vastaan kaupungit, ty\u00f6ss\u00e4k\u00e4yvien verotus vastaan muiden etuudet, raskas teollisuus vastaan ymp\u00e4rist\u00f6nsuojelu\u2026 Hyvin usein eri ryhmien tavoitteiden v\u00e4lille l\u00f6ydet\u00e4\u00e4n hyv\u00e4 tasapaino tai ne jopa saadaan tukemaan toisiaan, kuten esimerkiksi kun rakennetaan uutta teollisuutta ymp\u00e4rist\u00f6yst\u00e4v\u00e4llisen teknologian ymp\u00e4rille. P\u00e4\u00e4t\u00f6ksenteossa aina taiteillaan [&hellip;]<\/p>\n","protected":false},"author":1,"featured_media":0,"comment_status":"closed","ping_status":"open","sticky":false,"template":"","format":"standard","meta":{"footnotes":""},"categories":[1],"tags":[],"class_list":["post-64","post","type-post","status-publish","format-standard","hentry","category-uncategorized"],"_links":{"self":[{"href":"https:\/\/www.susannakoistinen.fi\/index.php?rest_route=\/wp\/v2\/posts\/64","targetHints":{"allow":["GET"]}}],"collection":[{"href":"https:\/\/www.susannakoistinen.fi\/index.php?rest_route=\/wp\/v2\/posts"}],"about":[{"href":"https:\/\/www.susannakoistinen.fi\/index.php?rest_route=\/wp\/v2\/types\/post"}],"author":[{"embeddable":true,"href":"https:\/\/www.susannakoistinen.fi\/index.php?rest_route=\/wp\/v2\/users\/1"}],"replies":[{"embeddable":true,"href":"https:\/\/www.susannakoistinen.fi\/index.php?rest_route=%2Fwp%2Fv2%2Fcomments&post=64"}],"version-history":[{"count":1,"href":"https:\/\/www.susannakoistinen.fi\/index.php?rest_route=\/wp\/v2\/posts\/64\/revisions"}],"predecessor-version":[{"id":65,"href":"https:\/\/www.susannakoistinen.fi\/index.php?rest_route=\/wp\/v2\/posts\/64\/revisions\/65"}],"wp:attachment":[{"href":"https:\/\/www.susannakoistinen.fi\/index.php?rest_route=%2Fwp%2Fv2%2Fmedia&parent=64"}],"wp:term":[{"taxonomy":"category","embeddable":true,"href":"https:\/\/www.susannakoistinen.fi\/index.php?rest_route=%2Fwp%2Fv2%2Fcategories&post=64"},{"taxonomy":"post_tag","embeddable":true,"href":"https:\/\/www.susannakoistinen.fi\/index.php?rest_route=%2Fwp%2Fv2%2Ftags&post=64"}],"curies":[{"name":"wp","href":"https:\/\/api.w.org\/{rel}","templated":true}]}}