{"id":56,"date":"2015-02-09T10:02:00","date_gmt":"2015-02-09T10:02:00","guid":{"rendered":"https:\/\/www.susannakoistinen.fi\/?p=56"},"modified":"2024-10-19T10:04:15","modified_gmt":"2024-10-19T10:04:15","slug":"koulutuspolitiikka-tulee-ottaa-vakavasti","status":"publish","type":"post","link":"https:\/\/www.susannakoistinen.fi\/?p=56","title":{"rendered":"Koulutuspolitiikka tulee ottaa\u00a0vakavasti"},"content":{"rendered":"\n<p><em>Teksti on alunperin julkaistu vanhoilla nettisivuillani vuonna 2015.<\/em><\/p>\n\n\n\n<p>Koulutuksen periytyvyys on Suomessa taas kasvussa, vaikka se saatiin jo taittumaan. Tasa-arvoinen ja laadukas peruskoulu on ollut Suomen selk\u00e4ranka, mutta t\u00e4ll\u00e4 hetkell\u00e4 toistetaan 90-luvun laman virheit\u00e4 lomautuksilla ja leikkauksilla. P\u00e4in vastoin kaikki koulutusasteemme kaipaisivat lis\u00e4resursseja pysy\u00e4kseen mukana maailman kehityksess\u00e4.<\/p>\n\n\n\n<p>Koulutus on sek\u00e4 pehme\u00e4\u00e4 ett\u00e4 kovaa politiikkaa. Sill\u00e4 yhteys sek\u00e4 ihmisen hyvinvointiin, valtionkilpailukykyyn ett\u00e4 koko ymp\u00e4rist\u00f6mme suojelemiseen. Se on sek\u00e4 aluepoliittinen ett\u00e4 talouspoliittinen kysymys, ja suoraan yhteydess\u00e4 sosiaalipolitiikkaan. Siksi nostan koulutuspolitiikan t\u00e4rkeimm\u00e4ksi teemakseni eduskuntavaaleissa 2015.<\/p>\n\n\n\n<ul class=\"wp-block-list\">\n<li>\u00a0<strong>Varhaiskasvatus on osa koulutuspolkua.\u00a0<\/strong>Erityisen hyvin koulutus- ja sosiaalipolitiikan yhteys n\u00e4kyy varhaiskasvatuksessa. Subjektiivinen p\u00e4iv\u00e4hoito-oikeus on my\u00f6s lapsen oikeutta varhaiskasvatukseen. Se ei kilpaile tai ole ristiriidassa lasten hyv\u00e4n kotihoidon kanssa vaan t\u00e4ydent\u00e4\u00e4 sit\u00e4.<\/li>\n\n\n\n<li><strong>Jokaiselle tulee taata peruskoulun j\u00e4lkeinen koulutus<\/strong>, jolta pystyy halutessaan jatkamaan korkea-asteelle. Aloituspaikkojen tulee sijaita siell\u00e4 miss\u00e4 opiskelijatkin ovat, vaikka se tarkoittaisi ik\u00e4vi\u00e4kin muutoksia muuttotappioalueilla. Alueellisuudesta ja toisen asteen opiskelijoiden sosiaalietuuksista tulee huolehtia siten, ett\u00e4 my\u00f6s v\u00e4h\u00e4varaisista perheist\u00e4 tulevat opiskelijat pystyv\u00e4t valitsemaan koulutusalansa useammasta kuin yhdest\u00e4 alasta.<\/li>\n\n\n\n<li><strong>Toisen asteen kurjistamisen t\u00e4ytyy loppua.\u00a0<\/strong>Lukioiden valtionosuutta tulee nostaa vastaamaan todellista kustannustasoa ja suomalaisen ammattikoulutuksen korkeasta tasosta tulee huolehtia.<\/li>\n\n\n\n<li><strong>Koulutuksen maksuttomuudesta tulee pit\u00e4\u00e4 kiinni.\u00a0<\/strong>Lukukausimaksuja ei tule ottaa k\u00e4ytt\u00f6\u00f6n. Varallisuus ei saa olla esteen\u00e4 itsen kehitt\u00e4miselle, eik\u00e4 populistinen politiikka Suomen kansainv\u00e4listymiselle.<\/li>\n\n\n\n<li><strong>Opintotuen pit\u00e4\u00e4 riitt\u00e4\u00e4 el\u00e4miseen.\u00a0<\/strong>Pitk\u00e4ll\u00e4 aikav\u00e4lill\u00e4 kannatan perustulon k\u00e4ytt\u00f6\u00f6nottoa, mutta sit\u00e4 ennen opintotukeen pit\u00e4\u00e4 palauttaa huoltajakorotus. Opintotukea ei saa k\u00e4ytt\u00e4\u00e4 koulutuspoliittisena ohjailun v\u00e4lineen\u00e4, vaan se pit\u00e4\u00e4 n\u00e4hd\u00e4 opiskelijan v\u00e4ltt\u00e4m\u00e4tt\u00f6m\u00e4n\u00e4 toimeentulona.<\/li>\n\n\n\n<li><strong>Korkeakoulutuksen pit\u00e4\u00e4 uskaltaa uudistua.<\/strong>\u00a0Kannatan kokeiluja yliopistojen ja ammattikorkeakoulujen koulutuksenj\u00e4rjest\u00e4misen yhdist\u00e4miseksi hallinnollisesti ja sis\u00e4ll\u00f6ilt\u00e4\u00e4n. Kokeilut tulee tutkia ja arvioida huolellisesti, eik\u00e4 lains\u00e4\u00e4d\u00e4nn\u00f6n pid\u00e4 pit\u00e4\u00e4 yll\u00e4 teenn\u00e4isi\u00e4 rajoja esimerkiksi tukipalveluiden j\u00e4rjest\u00e4misess\u00e4.<\/li>\n<\/ul>\n","protected":false},"excerpt":{"rendered":"<p>Teksti on alunperin julkaistu vanhoilla nettisivuillani vuonna 2015. Koulutuksen periytyvyys on Suomessa taas kasvussa, vaikka se saatiin jo taittumaan. Tasa-arvoinen ja laadukas peruskoulu on ollut Suomen selk\u00e4ranka, mutta t\u00e4ll\u00e4 hetkell\u00e4 toistetaan 90-luvun laman virheit\u00e4 lomautuksilla ja leikkauksilla. P\u00e4in vastoin kaikki koulutusasteemme kaipaisivat lis\u00e4resursseja pysy\u00e4kseen mukana maailman kehityksess\u00e4. Koulutus on sek\u00e4 pehme\u00e4\u00e4 ett\u00e4 kovaa politiikkaa. Sill\u00e4 [&hellip;]<\/p>\n","protected":false},"author":1,"featured_media":0,"comment_status":"closed","ping_status":"open","sticky":false,"template":"","format":"standard","meta":{"footnotes":""},"categories":[1],"tags":[6],"class_list":["post-56","post","type-post","status-publish","format-standard","hentry","category-uncategorized","tag-koulutus"],"_links":{"self":[{"href":"https:\/\/www.susannakoistinen.fi\/index.php?rest_route=\/wp\/v2\/posts\/56","targetHints":{"allow":["GET"]}}],"collection":[{"href":"https:\/\/www.susannakoistinen.fi\/index.php?rest_route=\/wp\/v2\/posts"}],"about":[{"href":"https:\/\/www.susannakoistinen.fi\/index.php?rest_route=\/wp\/v2\/types\/post"}],"author":[{"embeddable":true,"href":"https:\/\/www.susannakoistinen.fi\/index.php?rest_route=\/wp\/v2\/users\/1"}],"replies":[{"embeddable":true,"href":"https:\/\/www.susannakoistinen.fi\/index.php?rest_route=%2Fwp%2Fv2%2Fcomments&post=56"}],"version-history":[{"count":1,"href":"https:\/\/www.susannakoistinen.fi\/index.php?rest_route=\/wp\/v2\/posts\/56\/revisions"}],"predecessor-version":[{"id":57,"href":"https:\/\/www.susannakoistinen.fi\/index.php?rest_route=\/wp\/v2\/posts\/56\/revisions\/57"}],"wp:attachment":[{"href":"https:\/\/www.susannakoistinen.fi\/index.php?rest_route=%2Fwp%2Fv2%2Fmedia&parent=56"}],"wp:term":[{"taxonomy":"category","embeddable":true,"href":"https:\/\/www.susannakoistinen.fi\/index.php?rest_route=%2Fwp%2Fv2%2Fcategories&post=56"},{"taxonomy":"post_tag","embeddable":true,"href":"https:\/\/www.susannakoistinen.fi\/index.php?rest_route=%2Fwp%2Fv2%2Ftags&post=56"}],"curies":[{"name":"wp","href":"https:\/\/api.w.org\/{rel}","templated":true}]}}