{"id":52,"date":"2016-06-11T09:53:00","date_gmt":"2016-06-11T09:53:00","guid":{"rendered":"https:\/\/www.susannakoistinen.fi\/?p=52"},"modified":"2024-10-19T09:55:59","modified_gmt":"2024-10-19T09:55:59","slug":"vasemmistoliiton-koulutuspoliittisen-linja-tulee-olla-kirkas","status":"publish","type":"post","link":"https:\/\/www.susannakoistinen.fi\/?p=52","title":{"rendered":"Vasemmistoliiton koulutuspoliittisen linja tulee olla kirkas"},"content":{"rendered":"\n<p>Puheeni Vasemmistoliiton puoluekokouksessa 2016<\/p>\n\n\n\n<p><strong><a href=\"https:\/\/href.li\/?http:\/\/www.oaj.fi\/cs\/oaj\/Tiedotteet?&amp;contentID=1408912433192&amp;pageName=Varhaiskasvatuksen+leikkaukset+polkevat+perusoikeuksia_tiedote\">Varhaiskasvatuksen<\/a><\/strong>&nbsp;pedagogisen toiminnan eteen on tehty sinnikk\u00e4\u00e4sti t\u00f6it\u00e4, mutta nyt se riistet\u00e4\u00e4n k\u00f6yhien lapsilta. Suomessa on&nbsp;<a href=\"https:\/\/href.li\/?http:\/\/www.mtv.fi\/uutiset\/kotimaa\/artikkeli\/peruskoulun-oppimistulokset-uhkaavat-heiketa-etenkin-pojat-lukevat-aiempaa-vahan\/5726776\">maakuntien<\/a>&nbsp;ja&nbsp;<a href=\"https:\/\/href.li\/?http:\/\/www.hel.fi\/hel2\/tietokeskus\/julkaisut\/pdf\/13_09_27_Tutkimuksia_1_13_Bernelius.pdf\">kaupunginosien<\/a>&nbsp;peruskoulujen v\u00e4lill\u00e4&nbsp;<strong>yli vuoden oppimistulosero<\/strong>, joka kulkee k\u00e4si k\u00e4dess\u00e4 ty\u00f6tt\u00f6myyden ja v\u00e4h\u00e4osaisuuden keskittymisen kanssa<strong>.&nbsp;<a href=\"https:\/\/href.li\/?http:\/\/www.hs.fi\/kotimaa\/a1412569111017\">Pitkien kielten<\/a><\/strong>, eli t\u00e4rke\u00e4n yleissivist\u00e4v\u00e4n ja maailmaa avartavan opiskelun m\u00e4\u00e4r\u00e4 on radikaalisti laskenut<strong>.&nbsp;<a href=\"https:\/\/href.li\/?https:\/\/drive.google.com\/file\/d\/0Bz1V9P-a-cT2VUJpeTNHQkluTUU\/view\">Koulutuksen periytyvyys<\/a><\/strong>&nbsp;ei suinkaan en\u00e4\u00e4 laske, vaan h\u00e4mment\u00e4v\u00e4ll\u00e4 tavalla edelleen hyv\u00e4palkkaiset arvostetut ammatit siirtyv\u00e4t erityisesti is\u00e4lt\u00e4 pojalle. Suomessa on otettu k\u00e4ytt\u00f6\u00f6n&nbsp;<strong>lukukausimaksut<\/strong>. Lukukausimaksut. Sek\u00e4 oikeistopoliitikot ett\u00e4 valtiovarainministeri\u00f6n k\u00e4yt\u00e4v\u00e4huhut my\u00f6nt\u00e4v\u00e4t suoraan, ett\u00e4 EU\/ETA-maiden ulkopuolisille asetetut maksut ja opintotuen lainapainotteisuuden lis\u00e4\u00e4minen ovat vain p\u00e4tk\u00e4 tiet\u00e4&nbsp;<strong>tasaveroyhteiskuntaa kohti<\/strong>, jossa koulutus on henkil\u00f6kohtainen riski ja panostus. Ammattikoulutusta siirret\u00e4\u00e4n kauniilla sanoilla \u201c<strong>ty\u00f6paikalla oppimiseksi<\/strong>\u201c, mik\u00e4 on t\u00e4ysin vastoin sit\u00e4 perinteist\u00e4 vasemmistolaista ajatusta, ett\u00e4 ty\u00f6ntekij\u00e4ll\u00e4 on oikeus kyet\u00e4 muuhunkin kuin mekaaniseen ty\u00f6n toistamiseen.&nbsp;<strong>Yliopistoista irtisanotaan<\/strong>&nbsp;tai muuten poistetaan yli 1500 ihmist\u00e4 ja valtiovarainministeri\u00f6n virkamies kehtasi v\u00e4itt\u00e4\u00e4 minulle p\u00e4in naamaa pari viikkoa sitten, ett\u00e4 h\u00e4nelle on yll\u00e4tys ett\u00e4 irtisanottujen joukossa on muun muassa yksik\u00f6iden ainoita opinto-ohjausta antavia henkil\u00f6it\u00e4.<\/p>\n\n\n\n<p>Vasemmistoliitto on suoraselk\u00e4isesti puolustanut koulutuksen asemaa nykyisess\u00e4 poliittisessa tilanteessa. Haluan silti k\u00e4ytt\u00e4\u00e4 puheenvuoron painottaakseni sit\u00e4, miten merkitt\u00e4v\u00e4t ovat juuri seuraavat vuodet koulutuspoliittisesti ja vasemmistolaisen politiikan kannalta. Tavoiteohjelman kirjaukset ovat hyvi\u00e4, mutta meid\u00e4n tulee ehdottomasti tiivist\u00e4\u00e4 rivej\u00e4mme ja ymm\u00e4rt\u00e4\u00e4 miten&nbsp;<strong>syvist\u00e4 yhteiskunnan rakenteista<\/strong>&nbsp;on kyse kun puhutaan koulutuksen tasa-arvosta ja rahoituksesta. Meid\u00e4n tulee olla valmiita oikeasti vaikuttamaan eik\u00e4 vain hokemaan, ett\u00e4 vastustamme leikkauksia.<\/p>\n\n\n\n<p>Vaikka koulutuslupauksen rikkominen oli n\u00e4kyv\u00e4\u00e4 ja r\u00e4ike\u00e4\u00e4, t\u00e4m\u00e4n hetkiset leikkaukset yliopistoille ovat rikka rokassa kun katsotaan toisen asteen tilannetta ja pidemp\u00e4\u00e4 trendi\u00e4, jossa&nbsp;<strong>kansaa tyhmennet\u00e4\u00e4n v\u00e4hent\u00e4m\u00e4ll\u00e4 juuri sit\u00e4 sivistyspohjaa<\/strong>&nbsp;jolle elinik\u00e4isen oppimisen ja kriittisen tiedonhankinnan kyvyt perustuvat. Vasemmistoliiton on oltava se puolue, joka n\u00e4ytt\u00e4\u00e4 kiusallisen totuuden siit\u00e4, miten porvari ohjaa koulutuksella kansaa kohti kritiikit\u00f6nt\u00e4 ja alistunutta tulevaisuutta.<\/p>\n\n\n\n<p>Hyv\u00e4t yst\u00e4v\u00e4t, min\u00e4 vahvasti toivon, ett\u00e4 seuraavan vuoden aikana teist\u00e4 jokainen saa esimerkiksi&nbsp;<strong>vasemmistoliiton koulutuspoliittiselta ty\u00f6ryhm\u00e4lt\u00e4 tietopaketin<\/strong>&nbsp;siit\u00e4, miten vasemmistolaisia arvoja voidaan ajaa my\u00f6s koulutuspolitiikassa ja sen kautta. Meid\u00e4n on my\u00f6nnett\u00e4v\u00e4 itsellemme ja muistutettava muille, ett\u00e4 vaikka kaikki ovat koulua k\u00e4yneet,<strong>&nbsp;kaikki eiv\u00e4t ole koulutuksen asiantuntijoita.&nbsp;<\/strong>Meid\u00e4n ei pid\u00e4 antaa periksi kiusaukselle ottaa mutulla kantaa esimerkiksi duaalimalliin tai opetussuunnitelmiin, vaan erottaa tilanteet, joissa on kyse poliittisesta p\u00e4\u00e4t\u00f6ksest\u00e4 ja milloin kasvatustieteellisest\u00e4 harkinnasta<\/p>\n\n\n\n<p>T\u00e4\u00e4ll\u00e4kin on puhuttu siit\u00e4, ett\u00e4 meid\u00e4n pit\u00e4\u00e4 muuttaa viesti\u00e4mme yksinkertaisemmalle kielelle. MIn\u00e4 olen eri mielt\u00e4.&nbsp;<strong>Meid\u00e4n pit\u00e4\u00e4 pit\u00e4\u00e4 kiinni siit\u00e4, ett\u00e4 jatkossakin KAIKILLA, my\u00f6s ty\u00f6tt\u00f6mien ja maahanmuuttajien lapsilla on valmiudet k\u00e4yd\u00e4 yhteiskunnallista keskustelua monimutkaisista aiheista<\/strong>. Pelaamme oikeiston pussiin, jos typist\u00e4mme monimutkaiset asiat populistiseksi kyll\u00e4-ei-v\u00e4\u00e4nn\u00f6iksi.<\/p>\n\n\n\n<p>Lopuksi haluan viel\u00e4 sanoa, ett\u00e4 koska koulutuspolitiikka ja sivistys ovat minulle syd\u00e4men asioita, kannatan l\u00e4mpim\u00e4sti Eila Tiaista puoluehallituksen j\u00e4seneksi, sill\u00e4 h\u00e4n suhtautuu v\u00e4hint\u00e4\u00e4n yht\u00e4 intohimoisesti t\u00e4h\u00e4n ja moneen muuhun aiheeseen.<\/p>\n","protected":false},"excerpt":{"rendered":"<p>Puheeni Vasemmistoliiton puoluekokouksessa 2016 Varhaiskasvatuksen&nbsp;pedagogisen toiminnan eteen on tehty sinnikk\u00e4\u00e4sti t\u00f6it\u00e4, mutta nyt se riistet\u00e4\u00e4n k\u00f6yhien lapsilta. Suomessa on&nbsp;maakuntien&nbsp;ja&nbsp;kaupunginosien&nbsp;peruskoulujen v\u00e4lill\u00e4&nbsp;yli vuoden oppimistulosero, joka kulkee k\u00e4si k\u00e4dess\u00e4 ty\u00f6tt\u00f6myyden ja v\u00e4h\u00e4osaisuuden keskittymisen kanssa.&nbsp;Pitkien kielten, eli t\u00e4rke\u00e4n yleissivist\u00e4v\u00e4n ja maailmaa avartavan opiskelun m\u00e4\u00e4r\u00e4 on radikaalisti laskenut.&nbsp;Koulutuksen periytyvyys&nbsp;ei suinkaan en\u00e4\u00e4 laske, vaan h\u00e4mment\u00e4v\u00e4ll\u00e4 tavalla edelleen hyv\u00e4palkkaiset arvostetut ammatit siirtyv\u00e4t [&hellip;]<\/p>\n","protected":false},"author":1,"featured_media":0,"comment_status":"closed","ping_status":"open","sticky":false,"template":"","format":"standard","meta":{"footnotes":""},"categories":[1],"tags":[6],"class_list":["post-52","post","type-post","status-publish","format-standard","hentry","category-uncategorized","tag-koulutus"],"_links":{"self":[{"href":"https:\/\/www.susannakoistinen.fi\/index.php?rest_route=\/wp\/v2\/posts\/52","targetHints":{"allow":["GET"]}}],"collection":[{"href":"https:\/\/www.susannakoistinen.fi\/index.php?rest_route=\/wp\/v2\/posts"}],"about":[{"href":"https:\/\/www.susannakoistinen.fi\/index.php?rest_route=\/wp\/v2\/types\/post"}],"author":[{"embeddable":true,"href":"https:\/\/www.susannakoistinen.fi\/index.php?rest_route=\/wp\/v2\/users\/1"}],"replies":[{"embeddable":true,"href":"https:\/\/www.susannakoistinen.fi\/index.php?rest_route=%2Fwp%2Fv2%2Fcomments&post=52"}],"version-history":[{"count":1,"href":"https:\/\/www.susannakoistinen.fi\/index.php?rest_route=\/wp\/v2\/posts\/52\/revisions"}],"predecessor-version":[{"id":53,"href":"https:\/\/www.susannakoistinen.fi\/index.php?rest_route=\/wp\/v2\/posts\/52\/revisions\/53"}],"wp:attachment":[{"href":"https:\/\/www.susannakoistinen.fi\/index.php?rest_route=%2Fwp%2Fv2%2Fmedia&parent=52"}],"wp:term":[{"taxonomy":"category","embeddable":true,"href":"https:\/\/www.susannakoistinen.fi\/index.php?rest_route=%2Fwp%2Fv2%2Fcategories&post=52"},{"taxonomy":"post_tag","embeddable":true,"href":"https:\/\/www.susannakoistinen.fi\/index.php?rest_route=%2Fwp%2Fv2%2Ftags&post=52"}],"curies":[{"name":"wp","href":"https:\/\/api.w.org\/{rel}","templated":true}]}}